{"id":1229,"date":"2026-03-09T13:59:21","date_gmt":"2026-03-09T12:59:21","guid":{"rendered":"https:\/\/dunagyongyeovi.hu\/?p=1229"},"modified":"2026-03-09T13:59:21","modified_gmt":"2026-03-09T12:59:21","slug":"elmenyekben-gazdag-tel-ovodankban","status":"publish","type":"post","link":"https:\/\/dunagyongyeovi.hu\/?p=1229","title":{"rendered":"\u00c9lm\u00e9nyekben gazdag t\u00e9l \u00f3vod\u00e1nkban"},"content":{"rendered":"\n<p>A janu\u00e1r \u00e9s febru\u00e1r h\u00f3nap esem\u00e9nyd\u00fasan, tartalmas programokkal telve telt int\u00e9zm\u00e9ny\u00fcnkben.<\/p>\n\n\n\n<p>Janu\u00e1rban eg\u00e9sz h\u00f3napban \u201eNy\u00edlt h\u00f3napot\u201d hirdett\u00fcnk a sz\u00fcl\u0151k sz\u00e1m\u00e1ra. Ez id\u0151 alatt lehet\u0151s\u00e9get biztos\u00edtottunk arra, hogy betekint\u00e9st nyerjenek az \u00f3vodai mindennapokba, megfigyelj\u00e9k a foglalkoz\u00e1sokat, gyermekeik kedvenc tev\u00e9kenys\u00e9geit, \u00e9s k\u00f6zvetlen tapasztalatot szerezzenek az itt foly\u00f3 pedag\u00f3giai munk\u00e1r\u00f3l. A program f\u0151 c\u00e9lja a bizalmi kapcsolatok er\u0151s\u00edt\u00e9se az \u00f3voda \u00e9s a sz\u00fcl\u0151k, valamint a sz\u00fcl\u0151 \u00e9s gyermek k\u00f6z\u00f6tt. Naponta 1-2 sz\u00fcl\u0151t fogadtunk a csoportokban, a lehet\u0151s\u00e9get pedig nagy sz\u00e1mban kihaszn\u00e1lt\u00e1k a csal\u00e1dok. K\u00fcl\u00f6n \u00f6r\u00f6m volt sz\u00e1munkra, hogy id\u00e9n \u2013 a gyermekek k\u00e9r\u00e9s\u00e9re \u2013 az \u00e9desap\u00e1k is nagy sz\u00e1mban \u00e9ltek a lehet\u0151s\u00e9ggel.<\/p>\n\n\n\n<p>Janu\u00e1rban k\u00fcl\u00f6nleges kultur\u00e1lis \u00e9lm\u00e9nyben is r\u00e9szes\u00fcltek \u00f3vod\u00e1saink: a Camerata Art\u2019issima var\u00e1zslatos zenei el\u0151ad\u00e1sa egy mesebeli kast\u00e9ly b\u00e1lterm\u00e9be rep\u00edtette a gyermekeket. A zenei \u00e9lm\u00e9ny mindenkit elb\u0171v\u00f6lt, \u00e9s maradand\u00f3 \u00e9lm\u00e9nyt ny\u00fajtott kicsiknek \u00e9s nagyoknak egyar\u00e1nt.<\/p>\n\n\n\n<p>A t\u00e9l folyam\u00e1n izgatottan v\u00e1rtuk a \u201eMedve kib\u00faj\u00e1s\u00e1t\u201d is, amely minden \u00e9vben nagy izgalmat jelent a gyermekek sz\u00e1m\u00e1ra. Vajon marad m\u00e9g a t\u00e9l, vagy k\u00f6zeledik a tavasz?<\/p>\n\n\n\n<p>Term\u00e9szetesen a farsangi id\u0151szak sem maradhatott el. \u00d3vod\u00e1nkban igazi vid\u00e1m b\u00e1l hangulat kerekedett: hercegn\u0151k, szuperh\u0151s\u00f6k, \u00e1llatok \u00e9s meseh\u0151s\u00f6k n\u00e9pes\u00edtett\u00e9k be a csoportszob\u00e1kat. A sz\u00fcl\u0151k sok finoms\u00e1ggal kedveskedtek a gyermekeknek, akik \u00f6nfeledten t\u00e1ncoltak, mulattak \u00e9s hangoskodtak \u2013 b\u00edzva abban, hogy siker\u00fcl el\u0171zni a hideg telet.<\/p>\n\n\n\n<p>Febru\u00e1r v\u00e9g\u00e9n int\u00e9zm\u00e9ny\u00fcnk szakmai napnak ad otthont: megrendez\u00e9sre ker\u00fcl a Kerek\u00edt\u0151 Man\u00f3s B\u00e1bos K\u00e9pz\u00e9s. A program a Kincses Kult\u00far \u00d3voda j\u00f3volt\u00e1b\u00f3l val\u00f3sul meg, amelyre a k\u00f6rny\u00e9kbeli \u00f3vod\u00e1b\u00f3l \u00e9rkeznek vend\u00e9g \u00f3vodapedag\u00f3gusok. A k\u00e9pz\u00e9s elv\u00e9gz\u00e9s\u00e9vel pedag\u00f3gusaink m\u00f3dszertani eszk\u00f6zt\u00e1ra tov\u00e1bb b\u0151v\u00fcl, amelynek legnagyobb nyertesei term\u00e9szetesen a gyermekek lesznek.<\/p>\n\n\n\n<p>B\u00edzunk benne, hogy a t\u00e9l h\u00e1tral\u00e9v\u0151 id\u0151szaka is hasonl\u00f3an gazdag \u00e9s \u00f6r\u00f6mteli \u00e9lm\u00e9nyeket tartogat k\u00f6z\u00f6ss\u00e9g\u00fcnk sz\u00e1m\u00e1ra, de teljes lelkesed\u00e9ssel v\u00e1rjuk a tavaszt, a j\u00f3id\u0151t.<\/p>\n\n\n\n<p>Cseresznye Erika<\/p>\n","protected":false},"excerpt":{"rendered":"<p>A janu\u00e1r \u00e9s febru\u00e1r h\u00f3nap esem\u00e9nyd\u00fasan, tartalmas programokkal telve telt int\u00e9zm\u00e9ny\u00fcnkben. Janu\u00e1rban eg\u00e9sz h\u00f3napban \u201eNy\u00edlt h\u00f3napot\u201d hirdett\u00fcnk a sz\u00fcl\u0151k sz\u00e1m\u00e1ra. Ez id\u0151 alatt lehet\u0151s\u00e9get biztos\u00edtottunk arra, hogy betekint\u00e9st nyerjenek az [&hellip;]<\/p>\n","protected":false},"author":3,"featured_media":0,"comment_status":"open","ping_status":"open","sticky":false,"template":"","format":"standard","meta":{"footnotes":""},"categories":[1],"tags":[],"class_list":["post-1229","post","type-post","status-publish","format-standard","hentry","category-egyeb"],"_links":{"self":[{"href":"https:\/\/dunagyongyeovi.hu\/index.php?rest_route=\/wp\/v2\/posts\/1229","targetHints":{"allow":["GET"]}}],"collection":[{"href":"https:\/\/dunagyongyeovi.hu\/index.php?rest_route=\/wp\/v2\/posts"}],"about":[{"href":"https:\/\/dunagyongyeovi.hu\/index.php?rest_route=\/wp\/v2\/types\/post"}],"author":[{"embeddable":true,"href":"https:\/\/dunagyongyeovi.hu\/index.php?rest_route=\/wp\/v2\/users\/3"}],"replies":[{"embeddable":true,"href":"https:\/\/dunagyongyeovi.hu\/index.php?rest_route=%2Fwp%2Fv2%2Fcomments&post=1229"}],"version-history":[{"count":1,"href":"https:\/\/dunagyongyeovi.hu\/index.php?rest_route=\/wp\/v2\/posts\/1229\/revisions"}],"predecessor-version":[{"id":1230,"href":"https:\/\/dunagyongyeovi.hu\/index.php?rest_route=\/wp\/v2\/posts\/1229\/revisions\/1230"}],"wp:attachment":[{"href":"https:\/\/dunagyongyeovi.hu\/index.php?rest_route=%2Fwp%2Fv2%2Fmedia&parent=1229"}],"wp:term":[{"taxonomy":"category","embeddable":true,"href":"https:\/\/dunagyongyeovi.hu\/index.php?rest_route=%2Fwp%2Fv2%2Fcategories&post=1229"},{"taxonomy":"post_tag","embeddable":true,"href":"https:\/\/dunagyongyeovi.hu\/index.php?rest_route=%2Fwp%2Fv2%2Ftags&post=1229"}],"curies":[{"name":"wp","href":"https:\/\/api.w.org\/{rel}","templated":true}]}}